{"id":648,"date":"2026-03-18T12:37:21","date_gmt":"2026-03-18T11:37:21","guid":{"rendered":"https:\/\/vinclespsicologia.cat\/?p=648"},"modified":"2026-03-18T12:39:20","modified_gmt":"2026-03-18T11:39:20","slug":"los-miedos-a-ir-a-terapia","status":"publish","type":"post","link":"https:\/\/vinclespsicologia.cat\/es\/los-miedos-a-ir-a-terapia\/","title":{"rendered":"Los miedos a ir a terapia"},"content":{"rendered":"\n<p><\/p>\n\n\n\n<p>Rechazar la terapia rara vez tiene que ver solo con falta de tiempo o dinero. Detr\u00e1s de estas razones suelen esconderse miedos profundos: a cambiar, a sentir, a enfrentarnos a nosotros mismos.<\/p>\n\n\n\n<p>Antes de cruzar la puerta de una consulta, muchas personas necesitan entender qu\u00e9 les est\u00e1 frenando.<\/p>\n\n\n\n<h2 class=\"wp-block-heading\"><strong>El miedo a \u201cabrir la caja de Pandora\u201d<\/strong><\/h2>\n\n\n\n<p>Uno de los temores m\u00e1s habituales es pensar que, si removemos lo que duele, todo se desbordar\u00e1. Aparecen ideas como:<\/p>\n\n\n\n<ul class=\"wp-block-list\">\n<li>\u201cSi empiezo, no podr\u00e9 parar\u201d<br><\/li>\n\n\n\n<li>\u201cTendr\u00e9 que tomar decisiones dif\u00edciles\u201d<br><\/li>\n\n\n\n<li>\u201cNo estoy preparado para esto\u201d<br><\/li>\n<\/ul>\n\n\n\n<p>La resistencia act\u00faa como una forma de protecci\u00f3n. Preferimos una incomodidad conocida antes que una incertidumbre desconocida.<\/p>\n\n\n\n<h2 class=\"wp-block-heading\"><strong>El miedo al juicio<\/strong><\/h2>\n\n\n\n<p>Aunque sepamos que un profesional no juzga, muchas personas temen mostrar sus partes m\u00e1s vulnerables: errores, contradicciones, pensamientos inc\u00f3modos.<\/p>\n\n\n\n<p>Mostrarse humano se vive como una amenaza, cuando en realidad es el inicio del cambio.<\/p>\n\n\n\n<h2 class=\"wp-block-heading\"><strong>El miedo a depender<\/strong><\/h2>\n\n\n\n<p>Existe la creencia de que ir a terapia implica perder autonom\u00eda. Sin embargo, el objetivo es justo el contrario: fortalecer tus recursos internos y tu capacidad de decisi\u00f3n.<\/p>\n\n\n\n<p><strong>La terapia no te quita poder, te lo devuelve.<\/strong><\/p>\n\n\n\n<h2 class=\"wp-block-heading\"><strong>El miedo a \u201cno tener arreglo\u201d<\/strong><\/h2>\n\n\n\n<p>Este es uno de los miedos m\u00e1s profundos: descubrir que \u201calgo est\u00e1 mal para siempre\u201d. Muchas personas evitan la terapia para no enfrentarse a esa posibilidad.<\/p>\n\n\n\n<p>La realidad es que no estamos rotos. Somos procesos en construcci\u00f3n.<\/p>\n\n\n\n<h2 class=\"wp-block-heading\"><strong>El miedo a cambiar de identidad<\/strong><\/h2>\n\n\n\n<p>A veces el malestar forma parte de qui\u00e9n creemos ser. Soltarlo implica redefinirnos. Y eso genera v\u00e9rtigo.<\/p>\n\n\n\n<p>Cambiar no solo duele por lo que deja atr\u00e1s, sino por lo nuevo que trae.<\/p>\n\n\n\n<h2 class=\"wp-block-heading\"><strong>Da el primer paso<\/strong><\/h2>\n\n\n\n<p>Si reconoces alguno de estos miedos, no significa que no debas ir a terapia. Significa que est\u00e1s ante algo importante.<\/p>\n\n\n\n<p><strong>Pedir ayuda no elimina el miedo, pero te permite atravesarlo acompa\u00f1ado.<\/strong><\/p>\n\n\n\n<p>Contacta con un profesional y empieza a cuidarte desde el respeto y la comprensi\u00f3n. <a href=\"https:\/\/vinclespsicologia.cat\/es\/contacto\/\" type=\"page\" id=\"30\">Contacta con nosotros<\/a><\/p>\n\n\n\n<p><\/p>\n","protected":false},"excerpt":{"rendered":"<p>Rechazar la terapia rara vez tiene que ver solo con falta de tiempo o dinero. Detr\u00e1s de estas razones suelen esconderse miedos profundos: a cambiar, a sentir, a enfrentarnos a nosotros mismos. Antes de cruzar la puerta de una consulta, muchas personas necesitan entender qu\u00e9 les est\u00e1 frenando. El miedo a \u201cabrir la caja de&#8230;<\/p>\n","protected":false},"author":3,"featured_media":0,"comment_status":"open","ping_status":"open","sticky":false,"template":"","format":"standard","meta":{"_kad_post_transparent":"","_kad_post_title":"","_kad_post_layout":"","_kad_post_sidebar_id":"","_kad_post_content_style":"","_kad_post_vertical_padding":"","_kad_post_feature":"","_kad_post_feature_position":"","_kad_post_header":false,"_kad_post_footer":false,"_kad_post_classname":"","footnotes":""},"categories":[4],"tags":[],"class_list":["post-648","post","type-post","status-publish","format-standard","hentry","category-sin-categoria"],"yoast_head":"<!-- This site is optimized with the Yoast SEO plugin v27.5 - https:\/\/yoast.com\/product\/yoast-seo-wordpress\/ -->\n<title>Los miedos a ir a terapia - Vincles Psicologia<\/title>\n<meta name=\"description\" content=\"Exploramos los miedos m\u00e1s frecuentes antes de empezar terapia psicol\u00f3gica y c\u00f3mo afrontarlos para pedir ayuda sin culpa ni verg\u00fcenza.\" \/>\n<meta name=\"robots\" content=\"index, follow, max-snippet:-1, max-image-preview:large, max-video-preview:-1\" \/>\n<link rel=\"canonical\" href=\"https:\/\/vinclespsicologia.cat\/es\/los-miedos-a-ir-a-terapia\/\" \/>\n<meta property=\"og:locale\" content=\"es_ES\" \/>\n<meta property=\"og:type\" content=\"article\" \/>\n<meta property=\"og:title\" content=\"Los miedos a ir a terapia - Vincles Psicologia\" \/>\n<meta property=\"og:description\" content=\"Exploramos los miedos m\u00e1s frecuentes antes de empezar terapia psicol\u00f3gica y c\u00f3mo afrontarlos para pedir ayuda sin culpa ni verg\u00fcenza.\" \/>\n<meta property=\"og:url\" content=\"https:\/\/vinclespsicologia.cat\/es\/los-miedos-a-ir-a-terapia\/\" \/>\n<meta property=\"og:site_name\" content=\"Vincles Psicologia\" \/>\n<meta property=\"article:published_time\" content=\"2026-03-18T11:37:21+00:00\" \/>\n<meta property=\"article:modified_time\" content=\"2026-03-18T11:39:20+00:00\" \/>\n<meta name=\"author\" content=\"Eva Tel\" \/>\n<meta name=\"twitter:card\" content=\"summary_large_image\" \/>\n<meta name=\"twitter:label1\" content=\"Escrito por\" \/>\n\t<meta name=\"twitter:data1\" content=\"Eva Tel\" \/>\n\t<meta name=\"twitter:label2\" content=\"Tiempo de lectura\" \/>\n\t<meta name=\"twitter:data2\" content=\"2 minutos\" \/>\n<script type=\"application\/ld+json\" class=\"yoast-schema-graph\">{\"@context\":\"https:\\\/\\\/schema.org\",\"@graph\":[{\"@type\":\"Article\",\"@id\":\"https:\\\/\\\/vinclespsicologia.cat\\\/es\\\/los-miedos-a-ir-a-terapia\\\/#article\",\"isPartOf\":{\"@id\":\"https:\\\/\\\/vinclespsicologia.cat\\\/es\\\/los-miedos-a-ir-a-terapia\\\/\"},\"author\":{\"name\":\"Eva Tel\",\"@id\":\"https:\\\/\\\/vinclespsicologia.cat\\\/#\\\/schema\\\/person\\\/6eb396585c3f5392a7ea28ea9fd38012\"},\"headline\":\"Los miedos a ir a terapia\",\"datePublished\":\"2026-03-18T11:37:21+00:00\",\"dateModified\":\"2026-03-18T11:39:20+00:00\",\"mainEntityOfPage\":{\"@id\":\"https:\\\/\\\/vinclespsicologia.cat\\\/es\\\/los-miedos-a-ir-a-terapia\\\/\"},\"wordCount\":343,\"commentCount\":0,\"publisher\":{\"@id\":\"https:\\\/\\\/vinclespsicologia.cat\\\/#organization\"},\"inLanguage\":\"es\",\"potentialAction\":[{\"@type\":\"CommentAction\",\"name\":\"Comment\",\"target\":[\"https:\\\/\\\/vinclespsicologia.cat\\\/es\\\/los-miedos-a-ir-a-terapia\\\/#respond\"]}]},{\"@type\":\"WebPage\",\"@id\":\"https:\\\/\\\/vinclespsicologia.cat\\\/es\\\/los-miedos-a-ir-a-terapia\\\/\",\"url\":\"https:\\\/\\\/vinclespsicologia.cat\\\/es\\\/los-miedos-a-ir-a-terapia\\\/\",\"name\":\"Los miedos a ir a terapia - Vincles Psicologia\",\"isPartOf\":{\"@id\":\"https:\\\/\\\/vinclespsicologia.cat\\\/#website\"},\"datePublished\":\"2026-03-18T11:37:21+00:00\",\"dateModified\":\"2026-03-18T11:39:20+00:00\",\"description\":\"Exploramos los miedos m\u00e1s frecuentes antes de empezar terapia psicol\u00f3gica y c\u00f3mo afrontarlos para pedir ayuda sin culpa ni verg\u00fcenza.\",\"breadcrumb\":{\"@id\":\"https:\\\/\\\/vinclespsicologia.cat\\\/es\\\/los-miedos-a-ir-a-terapia\\\/#breadcrumb\"},\"inLanguage\":\"es\",\"potentialAction\":[{\"@type\":\"ReadAction\",\"target\":[\"https:\\\/\\\/vinclespsicologia.cat\\\/es\\\/los-miedos-a-ir-a-terapia\\\/\"]}]},{\"@type\":\"BreadcrumbList\",\"@id\":\"https:\\\/\\\/vinclespsicologia.cat\\\/es\\\/los-miedos-a-ir-a-terapia\\\/#breadcrumb\",\"itemListElement\":[{\"@type\":\"ListItem\",\"position\":1,\"name\":\"Inici\",\"item\":\"https:\\\/\\\/vinclespsicologia.cat\\\/es\\\/\"},{\"@type\":\"ListItem\",\"position\":2,\"name\":\"Los miedos a ir a terapia\"}]},{\"@type\":\"WebSite\",\"@id\":\"https:\\\/\\\/vinclespsicologia.cat\\\/#website\",\"url\":\"https:\\\/\\\/vinclespsicologia.cat\\\/\",\"name\":\"Vincles Psicologia\",\"description\":\"Parlar de psicoter\u00e0pia \u00e9s parlar de Vincles\",\"publisher\":{\"@id\":\"https:\\\/\\\/vinclespsicologia.cat\\\/#organization\"},\"potentialAction\":[{\"@type\":\"SearchAction\",\"target\":{\"@type\":\"EntryPoint\",\"urlTemplate\":\"https:\\\/\\\/vinclespsicologia.cat\\\/?s={search_term_string}\"},\"query-input\":{\"@type\":\"PropertyValueSpecification\",\"valueRequired\":true,\"valueName\":\"search_term_string\"}}],\"inLanguage\":\"es\"},{\"@type\":\"Organization\",\"@id\":\"https:\\\/\\\/vinclespsicologia.cat\\\/#organization\",\"name\":\"Vincles Psicologia\",\"url\":\"https:\\\/\\\/vinclespsicologia.cat\\\/\",\"logo\":{\"@type\":\"ImageObject\",\"inLanguage\":\"es\",\"@id\":\"https:\\\/\\\/vinclespsicologia.cat\\\/#\\\/schema\\\/logo\\\/image\\\/\",\"url\":\"https:\\\/\\\/vinclespsicologia.cat\\\/wp-content\\\/uploads\\\/logo.jpg\",\"contentUrl\":\"https:\\\/\\\/vinclespsicologia.cat\\\/wp-content\\\/uploads\\\/logo.jpg\",\"width\":297,\"height\":130,\"caption\":\"Vincles Psicologia\"},\"image\":{\"@id\":\"https:\\\/\\\/vinclespsicologia.cat\\\/#\\\/schema\\\/logo\\\/image\\\/\"}},{\"@type\":\"Person\",\"@id\":\"https:\\\/\\\/vinclespsicologia.cat\\\/#\\\/schema\\\/person\\\/6eb396585c3f5392a7ea28ea9fd38012\",\"name\":\"Eva Tel\",\"url\":\"https:\\\/\\\/vinclespsicologia.cat\\\/es\\\/author\\\/eva5673\\\/\"}]}<\/script>\n<!-- \/ Yoast SEO plugin. -->","yoast_head_json":{"title":"Los miedos a ir a terapia - Vincles Psicologia","description":"Exploramos los miedos m\u00e1s frecuentes antes de empezar terapia psicol\u00f3gica y c\u00f3mo afrontarlos para pedir ayuda sin culpa ni verg\u00fcenza.","robots":{"index":"index","follow":"follow","max-snippet":"max-snippet:-1","max-image-preview":"max-image-preview:large","max-video-preview":"max-video-preview:-1"},"canonical":"https:\/\/vinclespsicologia.cat\/es\/los-miedos-a-ir-a-terapia\/","og_locale":"es_ES","og_type":"article","og_title":"Los miedos a ir a terapia - Vincles Psicologia","og_description":"Exploramos los miedos m\u00e1s frecuentes antes de empezar terapia psicol\u00f3gica y c\u00f3mo afrontarlos para pedir ayuda sin culpa ni verg\u00fcenza.","og_url":"https:\/\/vinclespsicologia.cat\/es\/los-miedos-a-ir-a-terapia\/","og_site_name":"Vincles Psicologia","article_published_time":"2026-03-18T11:37:21+00:00","article_modified_time":"2026-03-18T11:39:20+00:00","author":"Eva Tel","twitter_card":"summary_large_image","twitter_misc":{"Escrito por":"Eva Tel","Tiempo de lectura":"2 minutos"},"schema":{"@context":"https:\/\/schema.org","@graph":[{"@type":"Article","@id":"https:\/\/vinclespsicologia.cat\/es\/los-miedos-a-ir-a-terapia\/#article","isPartOf":{"@id":"https:\/\/vinclespsicologia.cat\/es\/los-miedos-a-ir-a-terapia\/"},"author":{"name":"Eva Tel","@id":"https:\/\/vinclespsicologia.cat\/#\/schema\/person\/6eb396585c3f5392a7ea28ea9fd38012"},"headline":"Los miedos a ir a terapia","datePublished":"2026-03-18T11:37:21+00:00","dateModified":"2026-03-18T11:39:20+00:00","mainEntityOfPage":{"@id":"https:\/\/vinclespsicologia.cat\/es\/los-miedos-a-ir-a-terapia\/"},"wordCount":343,"commentCount":0,"publisher":{"@id":"https:\/\/vinclespsicologia.cat\/#organization"},"inLanguage":"es","potentialAction":[{"@type":"CommentAction","name":"Comment","target":["https:\/\/vinclespsicologia.cat\/es\/los-miedos-a-ir-a-terapia\/#respond"]}]},{"@type":"WebPage","@id":"https:\/\/vinclespsicologia.cat\/es\/los-miedos-a-ir-a-terapia\/","url":"https:\/\/vinclespsicologia.cat\/es\/los-miedos-a-ir-a-terapia\/","name":"Los miedos a ir a terapia - Vincles Psicologia","isPartOf":{"@id":"https:\/\/vinclespsicologia.cat\/#website"},"datePublished":"2026-03-18T11:37:21+00:00","dateModified":"2026-03-18T11:39:20+00:00","description":"Exploramos los miedos m\u00e1s frecuentes antes de empezar terapia psicol\u00f3gica y c\u00f3mo afrontarlos para pedir ayuda sin culpa ni verg\u00fcenza.","breadcrumb":{"@id":"https:\/\/vinclespsicologia.cat\/es\/los-miedos-a-ir-a-terapia\/#breadcrumb"},"inLanguage":"es","potentialAction":[{"@type":"ReadAction","target":["https:\/\/vinclespsicologia.cat\/es\/los-miedos-a-ir-a-terapia\/"]}]},{"@type":"BreadcrumbList","@id":"https:\/\/vinclespsicologia.cat\/es\/los-miedos-a-ir-a-terapia\/#breadcrumb","itemListElement":[{"@type":"ListItem","position":1,"name":"Inici","item":"https:\/\/vinclespsicologia.cat\/es\/"},{"@type":"ListItem","position":2,"name":"Los miedos a ir a terapia"}]},{"@type":"WebSite","@id":"https:\/\/vinclespsicologia.cat\/#website","url":"https:\/\/vinclespsicologia.cat\/","name":"Vincles Psicologia","description":"Parlar de psicoter\u00e0pia \u00e9s parlar de Vincles","publisher":{"@id":"https:\/\/vinclespsicologia.cat\/#organization"},"potentialAction":[{"@type":"SearchAction","target":{"@type":"EntryPoint","urlTemplate":"https:\/\/vinclespsicologia.cat\/?s={search_term_string}"},"query-input":{"@type":"PropertyValueSpecification","valueRequired":true,"valueName":"search_term_string"}}],"inLanguage":"es"},{"@type":"Organization","@id":"https:\/\/vinclespsicologia.cat\/#organization","name":"Vincles Psicologia","url":"https:\/\/vinclespsicologia.cat\/","logo":{"@type":"ImageObject","inLanguage":"es","@id":"https:\/\/vinclespsicologia.cat\/#\/schema\/logo\/image\/","url":"https:\/\/vinclespsicologia.cat\/wp-content\/uploads\/logo.jpg","contentUrl":"https:\/\/vinclespsicologia.cat\/wp-content\/uploads\/logo.jpg","width":297,"height":130,"caption":"Vincles Psicologia"},"image":{"@id":"https:\/\/vinclespsicologia.cat\/#\/schema\/logo\/image\/"}},{"@type":"Person","@id":"https:\/\/vinclespsicologia.cat\/#\/schema\/person\/6eb396585c3f5392a7ea28ea9fd38012","name":"Eva Tel","url":"https:\/\/vinclespsicologia.cat\/es\/author\/eva5673\/"}]}},"_links":{"self":[{"href":"https:\/\/vinclespsicologia.cat\/es\/wp-json\/wp\/v2\/posts\/648","targetHints":{"allow":["GET"]}}],"collection":[{"href":"https:\/\/vinclespsicologia.cat\/es\/wp-json\/wp\/v2\/posts"}],"about":[{"href":"https:\/\/vinclespsicologia.cat\/es\/wp-json\/wp\/v2\/types\/post"}],"author":[{"embeddable":true,"href":"https:\/\/vinclespsicologia.cat\/es\/wp-json\/wp\/v2\/users\/3"}],"replies":[{"embeddable":true,"href":"https:\/\/vinclespsicologia.cat\/es\/wp-json\/wp\/v2\/comments?post=648"}],"version-history":[{"count":4,"href":"https:\/\/vinclespsicologia.cat\/es\/wp-json\/wp\/v2\/posts\/648\/revisions"}],"predecessor-version":[{"id":652,"href":"https:\/\/vinclespsicologia.cat\/es\/wp-json\/wp\/v2\/posts\/648\/revisions\/652"}],"wp:attachment":[{"href":"https:\/\/vinclespsicologia.cat\/es\/wp-json\/wp\/v2\/media?parent=648"}],"wp:term":[{"taxonomy":"category","embeddable":true,"href":"https:\/\/vinclespsicologia.cat\/es\/wp-json\/wp\/v2\/categories?post=648"},{"taxonomy":"post_tag","embeddable":true,"href":"https:\/\/vinclespsicologia.cat\/es\/wp-json\/wp\/v2\/tags?post=648"}],"curies":[{"name":"wp","href":"https:\/\/api.w.org\/{rel}","templated":true}]}}